{"id":522,"date":"2011-12-15T14:02:35","date_gmt":"2011-12-15T14:02:35","guid":{"rendered":"http:\/\/www.anja-hagge.de\/?p=522"},"modified":"2011-12-15T14:02:35","modified_gmt":"2011-12-15T14:02:35","slug":"ausstellertagebuch","status":"publish","type":"post","link":"https:\/\/blog.anja-hagge.de\/?p=522","title":{"rendered":"Ausstellertagebuch?!"},"content":{"rendered":"<p>&lt;&#8211; Habe vergessen den Bericht zu ver\u00f6ffentlichen, daher erst so sp\u00e4t &#8211;&gt;<\/p>\n<p>Da waren wir doch mal wieder als WebSozis auf dem Bundesparteitag &#8230;.. hier nun ein paar Eindr\u00fccke.<\/p>\n<p>Anreisetag war der Samstag (Eine sau doofe Idee den BPT von Sonntag bis Dienstag anzuberaumen&#8230;)alles verlief nach Plan &#8211; immerhin hatten wir auch von L\u00fcbeck den durchgehenden ICE- und ehe wir uns versahen waren wir im Hotel. Ganz zuf\u00e4llig war dieses direkt gegen\u00fcber vom Gel\u00e4nde.<br \/>\neingecheckt, Koffer weggebracht und direkt in die Halle. Dort waren schon WWWalter, Gerda, Anke und Peter flei\u00dfig am Aufbauen. Als Aussteller hatten wir das Gl\u00fcck uns schon gegen 16 Uhr am Samstag akkreditieren zu lassen, denn Sonntag sollten um die 10000 Leute dort rumschwirren. Unser lieber Thomas tauchte auch schon bald auf.<br \/>\nNachdem wir fertig waren, ging es in unsere Hotelbar.<br \/>\nIn der Nacht hielten mich das harte Bett und der -trotz Vorhang- taghell angestrahlte SPD W\u00fcrfel wach. Irgendwann muss ich dann doch eingeschlafen sein&#8230;<\/p>\n<p>Sonntag &#8211; Der 1. Parteitagtag<br \/>\nEs ging fr\u00fch los, nachdem wir im Hotel das Fr\u00fchst\u00fcck verweigert hatten &#8211; HALLOOOO 16 Euro pro Person) konnten wir einige Schnittchen beim Vorw\u00e4rts abstauben. Die Kaffeeversorgung war auch toll, an vielen Ausstellerst\u00e4nden gab es kostenlosen Lebenssaft. Jetzt hie\u00df es nur noch die PCs aufbauen, denn ohne Internet und Endger\u00e4te keine Internetberatung. Klar war es ein run unm ein Lankabel und einen Steckplatz im Switch zu bekommen. Einer musste immer im WLan surfen, was an diesem Tag sehr sehr langsam war. Beamer aufgebaut, wo ich leider mein gutes MACBook f\u00fcr geben musste, da mein G\u00f6ttergatte an alles gedacht hatte, nur nicht den passenden Adapter. Also durfte ich an dem alten kaputten MAC Book surfen, welches wir eigentlich als Pr\u00e4sentationspc gedacht hatten. Wuhu&#8230; Nun ja, das Plenum f\u00fcllte sich zusehends, denn der Parteitag sollte mit einem Highlight er\u00f6ffnet werden., Mit einer Rede von Altkanzler Helmut Schmidt. Zwar war hinter unserem Stand einer der zahlreichen Flatscreens angebracht, auf dem alles aus derm Plenum \u00fcbertragen wurde, doch bekam ich \u00fcberhaupt nichts mit. Schade na ja, wozu gibt es Internet. Immer mal wieder gingen Walter Peter und ich durch die Hallen und eroberten das ein oder andere n\u00fctzliche \/unn\u00fctzliche Gadget.. wie Kugelschreiber, Taschen etc. Hauptorte waren -ohje- Pfizer mit ihrem genialen Bratapfelpunsch in sehr tollen Warmhaltebechern, AOK mit stillem Wasser, Studentenfutter und \u00c4pfeln und der Kaffeestand von der Sparkasse \ud83d\ude09 Nach einer Zeit wei\u00df man eben wo es die besten kostenlosen Sachen gibt. Die eroberten Taschen f\u00fcllten sich mit jedem Rundgang.. (Da ich jetzt in der DB Lounge am Berliner HBF sitze und das hier tippe, kann ich sagen, dass alles in die mitgebrachten Taschen gepasst hat ) Nat\u00fcrlich berieten wir zahlreiche Leute. im nachhinein betrachtet, schienen wir die inoffizielle Information rund um den Parteitag und das Internet allgemein gewesen zu sein. Nach der Schmidtrede leerte sich das Plenum wieder etwas und die Ausstellerhallen f\u00fcllten sich mehr. Gut f\u00fcr uns. Ein pers\u00f6nliches Highlight f\u00fcr mich war das Wiedersehen mit meinen Freunden und Bekannten aus meiner alten Heimat. Insbesondere mit Sabine \ud83d\ude42 Eigentlich sollt wir bis 22 Uhr also bis zum Ende des ersten Tags bleiben, aber gegen 20 Uhr konnten wir nicht mehr und da sich unsere Halle f\u00fcr alle langsam leerte, ging es f\u00fcr uns noch eine Kleinigkeit Essen. Wie immer war es eine lustige Runde.<\/p>\n<p>Tag 2<br \/>\nDiesmal waren wir schlauer im Bezug auf Fr\u00fchst\u00fcck, wir gingen einfach zur nahegelegene Tanke und holten uns dort Br\u00f6tchen.<br \/>\nDer Kaffee wurde wieder bei der Spasskass gezapft und weiter zum Stand. Kurti und das Teufelchen, unsere Maskottchen hatten sich mittlerweile angefreundet und motzten kollektiv \u00fcber den Kabuff, indem sie \u00fcbernachten mussten. Alles aufgebaut, diesmal hatte ich den k\u00fcrzeren gezogen und musste im WLan rumd\u00fcmpeln, was aber garnicht wirklich schlecht war.<br \/>\nWeitere Versorgungstour gestartet, diesmal empfahl mit Peter den scharfen Tomatensaft, wow war der lecker \ud83d\ude42 Ebenfalls sehr lecker war das Seez\u00fcngle Sortiment (Kirsche Trauben und Birnensaft) Sortiment. Gro\u00dfartige Highlights gab es diesmal nicht. Die Dr\u00f6scherpreis Anw\u00e4rter warben f\u00fcr sich, wir berieten Leute und im Plenum wurde getagt. Gegen Abend kam dann die Frage auf, ob ich zum Parteiabend wolle, eigentlich schon&#8230; bis jetzt war ich immer auf den Parteiabenden gewesen, aber alleine hatte ich auch keine Lust. Also musste ich mich leider dagegen entscheiden. Hmpf.<\/p>\n<p>Tag 3 &#8211; der letzte Tag<br \/>\n.. startete etwas sp\u00e4ter, trotzdem war ich schon bei der Tanke Br\u00f6tchen holen und am Stand aufbauen. Nach der \u00fcbliche Versorgungstour (und hey, wir bekamen Nikol\u00e4use am Eingang) ging es weiter. Nebenher beschlossen wir noch im n\u00e4chsten Jahr ein Jubil\u00e4ums WebSozi Treffen zum 10 j\u00e4hrigen Bestehen zu machen. Planungen laufern im Forum&#8230; endlich mal ein Treffen an dem ich dabei sein kann.<br \/>\nHier und da konnte ich einige Fotos machen, die ich u.a. auf FB ver\u00f6ffentlicht habe, bzw noch hochladen werde. Nachdem der Gewinner des Dr\u00f6scherpreis &#8211; Storch Heinar- verk\u00fcndet wurde, war auch der Parteitag zu ende. Schnell abgebaut und dann noch dem lieben WWWalterchen beim Reifenwechsel geholfen. Eine Std. sp\u00e4ter noch lecker essen gegangen und dann ab ins Hotel.<\/p>\n<p>Nun sitzen wir in der DB Lounge am Abreisetag und mir f\u00e4llt ein das ich eigentlich kaum was von der tollen Stadt gesehen habe. Na ja, wir kommen wieder. Auf jeden Fall war es ein toller Parteitag, von dem ich nur nicht sehr viel mitbekommen habe, da ich Aussteller war \ud83d\ude09<\/p>\n","protected":false},"excerpt":{"rendered":"<p>&lt;&#8211; Habe vergessen den Bericht zu ver\u00f6ffentlichen, daher erst so sp\u00e4t &#8211;&gt; Da waren wir doch mal wieder als WebSozis auf dem Bundesparteitag &#8230;.. hier nun ein paar Eindr\u00fccke. Anreisetag war der Samstag (Eine sau doofe Idee den BPT von Sonntag bis Dienstag anzuberaumen&#8230;)alles verlief nach Plan &#8211; immerhin hatten wir auch von L\u00fcbeck den [&hellip;]<\/p>\n","protected":false},"author":1,"featured_media":0,"comment_status":"open","ping_status":"open","sticky":false,"template":"","format":"standard","meta":{"footnotes":""},"categories":[116,31],"tags":[268,267,269,301,47],"class_list":["post-522","post","type-post","status-publish","format-standard","hentry","category-medien","category-spd","tag-bpt11","tag-spd11","tag-bundesparteitag","tag-spd","tag-websozis"],"_links":{"self":[{"href":"https:\/\/blog.anja-hagge.de\/index.php?rest_route=\/wp\/v2\/posts\/522","targetHints":{"allow":["GET"]}}],"collection":[{"href":"https:\/\/blog.anja-hagge.de\/index.php?rest_route=\/wp\/v2\/posts"}],"about":[{"href":"https:\/\/blog.anja-hagge.de\/index.php?rest_route=\/wp\/v2\/types\/post"}],"author":[{"embeddable":true,"href":"https:\/\/blog.anja-hagge.de\/index.php?rest_route=\/wp\/v2\/users\/1"}],"replies":[{"embeddable":true,"href":"https:\/\/blog.anja-hagge.de\/index.php?rest_route=%2Fwp%2Fv2%2Fcomments&post=522"}],"version-history":[{"count":5,"href":"https:\/\/blog.anja-hagge.de\/index.php?rest_route=\/wp\/v2\/posts\/522\/revisions"}],"predecessor-version":[{"id":528,"href":"https:\/\/blog.anja-hagge.de\/index.php?rest_route=\/wp\/v2\/posts\/522\/revisions\/528"}],"wp:attachment":[{"href":"https:\/\/blog.anja-hagge.de\/index.php?rest_route=%2Fwp%2Fv2%2Fmedia&parent=522"}],"wp:term":[{"taxonomy":"category","embeddable":true,"href":"https:\/\/blog.anja-hagge.de\/index.php?rest_route=%2Fwp%2Fv2%2Fcategories&post=522"},{"taxonomy":"post_tag","embeddable":true,"href":"https:\/\/blog.anja-hagge.de\/index.php?rest_route=%2Fwp%2Fv2%2Ftags&post=522"}],"curies":[{"name":"wp","href":"https:\/\/api.w.org\/{rel}","templated":true}]}}