{"id":36,"date":"2010-02-05T11:02:31","date_gmt":"2010-02-05T11:02:31","guid":{"rendered":"http:\/\/blog.anja-wueste.de\/?p=36"},"modified":"2010-05-18T09:40:21","modified_gmt":"2010-05-18T09:40:21","slug":"die-erste-halbe-arbeitswoche-volunteers-pandora-windows-vista-und-weitere-spase","status":"publish","type":"post","link":"https:\/\/blog.anja-hagge.de\/?p=36","title":{"rendered":"Die erste halbe Arbeitswoche &#8211; Volunteers, Pandora, Windows Vista und weitere Sp\u00e4\u00dfe"},"content":{"rendered":"<p>Nach zwei Ruhetagen ging es nun richtig los.. mit dem ersten offiziellen Arbeitstag (06.01.10). <a href=\"http:\/\/blog.anja-wueste.de\/wp-content\/uploads\/2010\/02\/CIMG1717.jpg\"><img loading=\"lazy\" decoding=\"async\" class=\"alignright size-thumbnail  wp-image-43\" title=\"Salzspeicher\" src=\"http:\/\/blog.anja-wueste.de\/wp-content\/uploads\/2010\/02\/CIMG1717-150x150.jpg\" alt=\"\" width=\"150\" height=\"150\" \/><\/a>Also diesmal fr\u00fcher aufstehen und mit dem gro\u00dfen Mercedes an der Bertha vorbei und ins B\u00fcro. Dort k\u00fcmmerte ich mich erstmal um meine Seite f\u00fcr Volunteers4Germany, also richtete eine Men\u00fcstruktur ein. Nebenher \u00fcberpr\u00fcfte ich eine andere Seite auf Internet-tauglichkeit (Aufbau, Schl\u00fcssigkeit der Links etc). Irgendwie verging die Zeit wie im Fluge, so dass der erste Tag schon bald vorbei war.<\/p>\n<p>Am zweiten Tag bastelte ich ein neues Logo f\u00fcr die Volunteers Seite und konnte endlich mal eine komplette Homepage (Freischalten, WSCMS einrichten, Abrechnung und <a href=\"http:\/\/blog.anja-wueste.de\/wp-content\/uploads\/2010\/02\/CIMG1732.jpg\"><img loading=\"lazy\" decoding=\"async\" class=\"alignright size-thumbnail wp-image-44\" title=\"V4G\" src=\"http:\/\/blog.anja-wueste.de\/wp-content\/uploads\/2010\/02\/CIMG1732-150x150.jpg\" alt=\"\" width=\"150\" height=\"150\" \/><\/a>Rechnungssystem Eintrag) fertig machen. Zur Belohnung ging es dann sp\u00e4ter ins Kino &#8222;Avatar-Aufbruch nach Pandora&#8220; aber das ganze nat\u00fcrlich in 3D. Es war schon Jahre her, dass ich das letzte Mal etwas in 3D angesehen hatte (ich glaube das war irgendwann mal im Phantasialand im 3D Kino.. also schon gaaanz lang her.. im letzten Jahrtausend &#8211; man bin ich alt) Also 3 D Brille auf und ab ging die Lutzi&#8230; WOW was hatte sich das ver\u00e4ndert.. zudem war die Brille aus Spezialglas und nicht das olle Rot Gr\u00fcn Gewurstel. Find ich gut.. nur f\u00fcr Brillentr\u00e4ger ist es etwas problematisch, wie sich bei Markus rausstellte. Der Film war von den Effekten her sehr gut gemacht und kam auch klasse r\u00fcber. Alles in Allem h\u00e4tte die Handlung etwas gek\u00fcrzt werden k\u00f6nnen, das tut aber der positiven Kritik keinerlei Abbruch. Alle die den Film noch nicht gesehen haben, einfach mal anschauen \ud83d\ude42<\/p>\n<p>Der letzte Arbeitstag f\u00fcr diese Woche war angebrochen.. also ab ins B\u00fcro.. schlechte Laune wegen dem bl\u00f6den <a href=\"http:\/\/blog.anja-wueste.de\/wp-content\/uploads\/2010\/02\/CIMG1755.jpg\"><img loading=\"lazy\" decoding=\"async\" class=\"alignright size-thumbnail wp-image-45\" title=\"Trave\" src=\"http:\/\/blog.anja-wueste.de\/wp-content\/uploads\/2010\/02\/CIMG1755-150x150.jpg\" alt=\"\" width=\"150\" height=\"150\" \/><\/a>Schnee.. doch die Bertha hob sie dann etwas. Tja ich hatte mir fest in den Kopf gesetzt meinen Windoof XP Lap auf Vista aufzumotzen und lie\u00df, nachdem ich in den Vortagen ein Image von meiner Platte auf eine externe Festplatte gesichert hatte, die 32 Bit Version draufspielen. W\u00e4hrend der Wartezeit analysierte ich die die Seiten von Markus und schrieb meine Ergebnisse auf. Mein Lappi machte uns aus irgendeinem Grund einen Strich durch die Rechnung, indem er Vista nicht vollst\u00e4ndig installierte, sondern einfach nicht mehr richtig starten wollte. Also wieder zu XP&#8230; im Nachhinein bin ich irgendwie froh drum. Da es Freitag war, ging es Abends noch sch\u00f6n zum Seewolf.. und prompt Wie immer absolut oberlecker! F\u00fcnf RLPler Sterne mit sechs Zacken (Insider).<\/p>\n","protected":false},"excerpt":{"rendered":"<p>Nach zwei Ruhetagen ging es nun richtig los.. mit dem ersten offiziellen Arbeitstag (06.01.10). Also diesmal fr\u00fcher aufstehen und mit dem gro\u00dfen Mercedes an der Bertha vorbei und ins B\u00fcro. Dort k\u00fcmmerte ich mich erstmal um meine Seite f\u00fcr Volunteers4Germany, also richtete eine Men\u00fcstruktur ein. Nebenher \u00fcberpr\u00fcfte ich eine andere Seite auf Internet-tauglichkeit (Aufbau, Schl\u00fcssigkeit [&hellip;]<\/p>\n","protected":false},"author":1,"featured_media":0,"comment_status":"open","ping_status":"open","sticky":false,"template":"","format":"standard","meta":{"footnotes":""},"categories":[1,82,73],"tags":[38,36,33,10,34,35,43],"class_list":["post-36","post","type-post","status-publish","format-standard","hentry","category-allgemein","category-bucher-unterhaltung-filme","category-pc-internet-etc","tag-bertha","tag-markus-hagge","tag-praktikum","tag-schnee","tag-soziserver","tag-unaone","tag-windoof-vista"],"_links":{"self":[{"href":"https:\/\/blog.anja-hagge.de\/index.php?rest_route=\/wp\/v2\/posts\/36","targetHints":{"allow":["GET"]}}],"collection":[{"href":"https:\/\/blog.anja-hagge.de\/index.php?rest_route=\/wp\/v2\/posts"}],"about":[{"href":"https:\/\/blog.anja-hagge.de\/index.php?rest_route=\/wp\/v2\/types\/post"}],"author":[{"embeddable":true,"href":"https:\/\/blog.anja-hagge.de\/index.php?rest_route=\/wp\/v2\/users\/1"}],"replies":[{"embeddable":true,"href":"https:\/\/blog.anja-hagge.de\/index.php?rest_route=%2Fwp%2Fv2%2Fcomments&post=36"}],"version-history":[{"count":8,"href":"https:\/\/blog.anja-hagge.de\/index.php?rest_route=\/wp\/v2\/posts\/36\/revisions"}],"predecessor-version":[{"id":179,"href":"https:\/\/blog.anja-hagge.de\/index.php?rest_route=\/wp\/v2\/posts\/36\/revisions\/179"}],"wp:attachment":[{"href":"https:\/\/blog.anja-hagge.de\/index.php?rest_route=%2Fwp%2Fv2%2Fmedia&parent=36"}],"wp:term":[{"taxonomy":"category","embeddable":true,"href":"https:\/\/blog.anja-hagge.de\/index.php?rest_route=%2Fwp%2Fv2%2Fcategories&post=36"},{"taxonomy":"post_tag","embeddable":true,"href":"https:\/\/blog.anja-hagge.de\/index.php?rest_route=%2Fwp%2Fv2%2Ftags&post=36"}],"curies":[{"name":"wp","href":"https:\/\/api.w.org\/{rel}","templated":true}]}}