{"id":126,"date":"2010-04-16T14:56:57","date_gmt":"2010-04-16T14:56:57","guid":{"rendered":"http:\/\/blog.anja-wueste.de\/?p=126"},"modified":"2020-11-11T12:52:11","modified_gmt":"2020-11-11T11:52:11","slug":"sonderartikel-twittagessen-675-oder-macerkopp-und-hansebuck-goes-lubeck","status":"publish","type":"post","link":"https:\/\/blog.anja-hagge.de\/?p=126","title":{"rendered":"Sonderartikel Twittagessen 675 oder MACerkopp und Hansebuck goes L\u00fcbeck"},"content":{"rendered":"<p>Hier ist er nun, der lang angek\u00fcndigte Sonderartikel&#8230;<a href=\"http:\/\/blog.anja-wueste.de\/wp-content\/uploads\/2010\/04\/CIMG2556.jpg\"><img loading=\"lazy\" decoding=\"async\" class=\"alignright size-thumbnail  wp-image-129\" title=\"Ole und Andreas\" src=\"http:\/\/blog.anja-wueste.de\/wp-content\/uploads\/2010\/04\/CIMG2556-150x150.jpg\" alt=\"\" width=\"150\" height=\"150\" \/><\/a><\/p>\n<p>Als Vorgeschichte.. durch Twitter lernt man ja die verschiedensten Leute kennen, so auch den lieben <a href=\"http:\/\/twitter.com\/MACerkopp\" target=\"_blank\" rel=\"noopener noreferrer\">MACerkopp<\/a>. Lange schon twitterte er mit uns L\u00fcbeckern \u00fcber dies und das, bis er auf die Idee kam mal hier hoch zu kommen. Gesagt getan, und er brachte auch seinen Kumpel <a href=\"http:\/\/twitter.com\/hansebuck\" target=\"_blank\" rel=\"noopener noreferrer\">Hansebuck<\/a> mit. F\u00fcr dieses Event legten wir extra ein Twittagessen an.<\/p>\n<p>Irgendwann bekam ich dann gegen Mittag den Anruf von MACerkopp, dass sie N\u00e4he Hamburg seien, also nicht mehr weit von uns entfernt. Dann, nach einer halben Stunde Wartezeit kamen sie auf den Hof gefahren. Die <a href=\"http:\/\/blog.anja-wueste.de\/wp-content\/uploads\/2010\/04\/CIMG2518.jpg\"><img loading=\"lazy\" decoding=\"async\" class=\"alignright size-thumbnail  wp-image-127\" title=\"Bertha im Nebel\" src=\"http:\/\/blog.anja-wueste.de\/wp-content\/uploads\/2010\/04\/CIMG2518-150x150.jpg\" alt=\"\" width=\"150\" height=\"150\" \/><\/a>Begr\u00fc\u00dfung ging auch schnell, sodass wir direkt mit dem gro\u00dfen Mercedes in die Stadt fuhren und nat\u00fcrlich ab zum Seewolf. Direkt mal Rosis super lecker Essen genossen und ein bisschen Geschmack. Da Markus und ich uns als Stadtf\u00fchrer angeboten hatten, gingen wir mit Schirmen bewaffnet schnell zu St. Petri auf den Aussichtsturm. Zwar lag ein dicker Nebelfilm \u00fcber der Stadt, aber man konnte trotzdem einiges sehen. Die Beiden waren begeistert. Gerade, als wir raus waren, hatte es zu Regnen aufgeh\u00f6rt, darum beschlossen wir zu St. Marien zu gehen, wo uns jedoch die \u00d6ffnungszeiten einen dicken Strich durch die Rechnung machten. Nat\u00fcrlich begann dann genau ein dicker Regenguss \u00fcber L\u00fcbeck zu w\u00fcten, sodass wir Schutzsuchend bei Niederegger Halt machten und die Filiale halb leer kauften (nein, Markus und ich kauften diesmal nichts). Da es bald schon 17 Uhr waren, ging es <a href=\"http:\/\/blog.anja-wueste.de\/wp-content\/uploads\/2010\/04\/CIMG2595.jpg\"><img loading=\"lazy\" decoding=\"async\" class=\"alignright size-thumbnail  wp-image-128\" title=\"Barney und Klampfe\" src=\"http:\/\/blog.anja-wueste.de\/wp-content\/uploads\/2010\/04\/CIMG2595-150x150.jpg\" alt=\"\" width=\"150\" height=\"150\" \/><\/a>schnell wieder in den Seewolf. So langsam trudelten alle ein, es kamen sogar mehr, als sich angemeldet hatten. Es wurde eine tolle Runde, die den kompletten Tresen und noch ein paar St\u00fchle in Beschlag nahm. Nach und nach bestellten wir uns Essen denn immerhin war es ja ein Twittagessen, hier aber wohl eher Twabendessen ;).<\/p>\n<p>Eine ganz gro\u00dfe Ehre wurde uns auch noch zu Teil, als Barney seine Gitarre rausholte und das erste Mal seit langer Zeit wieder Live Musik machte. absolut genial (Video folgt nat\u00fcrlich) \ud83d\ude42<br \/>\nEs wurde noch ein langer Abend, wir waren ca gegen halb 4 zu Hause&#8230; absolut toll!<a href=\"http:\/\/blog.anja-wueste.de\/wp-content\/uploads\/2010\/04\/CIMG2566.jpg\"><img loading=\"lazy\" decoding=\"async\" class=\"alignright size-thumbnail wp-image-130\" title=\"Party\" src=\"http:\/\/blog.anja-wueste.de\/wp-content\/uploads\/2010\/04\/CIMG2566-150x150.jpg\" alt=\"\" width=\"150\" height=\"150\" \/><\/a><\/p>\n<p>Am n\u00e4chsten Morgen, bzw nach ein paar Stunden Schlaf gings nach einem Fr\u00fchst\u00fcck mit dem Auto in die Stadt, die Beiden wollten nochmal Tsch\u00fcss sagen und fuhren nach einem Kaffee auch wieder gen NRW runter.<\/p>\n<p>Tolle Freunde, tolles Wochenende und tolle Stimmung!<\/p>\n","protected":false},"excerpt":{"rendered":"<p>Hier ist er nun, der lang angek\u00fcndigte Sonderartikel&#8230; Als Vorgeschichte.. durch Twitter lernt man ja die verschiedensten Leute kennen, so auch den lieben MACerkopp. Lange schon twitterte er mit uns L\u00fcbeckern \u00fcber dies und das, bis er auf die Idee kam mal hier hoch zu kommen. Gesagt getan, und er brachte auch seinen Kumpel Hansebuck [&hellip;]<\/p>\n","protected":false},"author":1,"featured_media":0,"comment_status":"open","ping_status":"open","sticky":false,"template":"","format":"standard","meta":{"footnotes":""},"categories":[96,99,42],"tags":[67,64,66,65,21,45,68,302,28],"class_list":["post-126","post","type-post","status-publish","format-standard","hentry","category-feiern-etc","category-lustiges","category-twitter","tag-hansebuck","tag-lubeck","tag-macerkopp","tag-niederegger","tag-seewolf","tag-st-petri","tag-twittagessen","tag-twitter","tag-twitter-kongregation-lubeck"],"_links":{"self":[{"href":"https:\/\/blog.anja-hagge.de\/index.php?rest_route=\/wp\/v2\/posts\/126","targetHints":{"allow":["GET"]}}],"collection":[{"href":"https:\/\/blog.anja-hagge.de\/index.php?rest_route=\/wp\/v2\/posts"}],"about":[{"href":"https:\/\/blog.anja-hagge.de\/index.php?rest_route=\/wp\/v2\/types\/post"}],"author":[{"embeddable":true,"href":"https:\/\/blog.anja-hagge.de\/index.php?rest_route=\/wp\/v2\/users\/1"}],"replies":[{"embeddable":true,"href":"https:\/\/blog.anja-hagge.de\/index.php?rest_route=%2Fwp%2Fv2%2Fcomments&post=126"}],"version-history":[{"count":9,"href":"https:\/\/blog.anja-hagge.de\/index.php?rest_route=\/wp\/v2\/posts\/126\/revisions"}],"predecessor-version":[{"id":963,"href":"https:\/\/blog.anja-hagge.de\/index.php?rest_route=\/wp\/v2\/posts\/126\/revisions\/963"}],"wp:attachment":[{"href":"https:\/\/blog.anja-hagge.de\/index.php?rest_route=%2Fwp%2Fv2%2Fmedia&parent=126"}],"wp:term":[{"taxonomy":"category","embeddable":true,"href":"https:\/\/blog.anja-hagge.de\/index.php?rest_route=%2Fwp%2Fv2%2Fcategories&post=126"},{"taxonomy":"post_tag","embeddable":true,"href":"https:\/\/blog.anja-hagge.de\/index.php?rest_route=%2Fwp%2Fv2%2Ftags&post=126"}],"curies":[{"name":"wp","href":"https:\/\/api.w.org\/{rel}","templated":true}]}}