{"id":11,"date":"2010-01-18T19:38:06","date_gmt":"2010-01-18T19:38:06","guid":{"rendered":"http:\/\/blog.anja-wueste.de\/?p=11"},"modified":"2010-03-10T15:52:26","modified_gmt":"2010-03-10T15:52:26","slug":"sightseeing-und-mini-websozi-treffen","status":"publish","type":"post","link":"https:\/\/blog.anja-hagge.de\/?p=11","title":{"rendered":"Sightseeing und Mini WebSozi Treffen"},"content":{"rendered":"<p><a href=\"http:\/\/blog.anja-wueste.de\/wp-content\/uploads\/2010\/01\/CIMG1129.jpg\"><img loading=\"lazy\" decoding=\"async\" class=\"alignright size-thumbnail wp-image-12\" title=\"Kalkberg\" src=\"http:\/\/blog.anja-wueste.de\/wp-content\/uploads\/2010\/01\/CIMG1129-150x150.jpg\" alt=\"\" width=\"150\" height=\"150\" \/><\/a>Am 28. fuhren wir nach Bad Segeberg &#8211; genau das wo die Karl May Festspiele stattfinden-, um ein paar Besorgungen zu machen. Nachdem wir diese get\u00e4tigt hatten, ging es ab zum Kalkberg. Diese nette kleine Anh\u00f6he bezeichnet man bei uns in Rheinland-Pfalz als H\u00fcgel \ud83d\ude09 *weglach* Na ja trotz allem hatte man einen netten Ausblick aufs sonst so flache Land. Besonders praktisch, da genau daneben das Festspielgel\u00e4nde der K.M. Festspiele lag und man somit mal einen Blick von oben erhaschen konnte. Immerhin war ich noch nie in der N\u00e4he dieses Gel\u00e4ndes gewesen, tja so schnell geht das. Nun konnte mir Markus einen kleinen Teil seiner Geburtsstadt von oben zeigen. Ganz nett \ud83d\ude42 Nachdem wir dann auch wieder am Auto waren, fuhren wir kurz Heim, stellten das Auto ab und dann mit dem gro\u00dfen Mercedes in die Stadt. Nun wollte ich mir doch endlich mal St. Marien von innen anschauen. Nach einem kleinen <a href=\"http:\/\/blog.anja-wueste.de\/wp-content\/uploads\/2010\/01\/CIMG1168.jpg\"><img loading=\"lazy\" decoding=\"async\" class=\"alignright size-thumbnail wp-image-13\" title=\"Glocken in St. Marien\" src=\"http:\/\/blog.anja-wueste.de\/wp-content\/uploads\/2010\/01\/CIMG1168-150x150.jpg\" alt=\"\" width=\"150\" height=\"150\" \/><\/a>Rundgang fiel mir ein, dass da ja noch irgendwo diese kleine Maus in der Kirche versteckt war&#8230; der Sage nach solle sie, wenn man sie mit der linken Hand ber\u00fchre, Gl\u00fcck bringen&#8230; also nochmal durch und ganz langsam alles absuchen. Markus hatte vorher noch gro\u00dfartig get\u00f6nt, er wisse wo die kleine Maus seie, doch Pustekuchen, er konnte gerade mal die Richtung ausmachen, doch die Maus fand ich. Besonders bedr\u00fcckend und zugleich imposant fand ich die Glocken, die in der linken Ecke auf dem Boden lagen. Diese hatte man nach dem Bombenangriff an Palmsonntag 1942 genau so liegen lassen. Man kann das hier garnicht beschreiben, was das f\u00fcr ein komisches Gef\u00fchl war. Nachdem wir uns wieder berappelt hatten, ging es wieder raus aus der Kirchem genug fromm gewesen \ud83d\ude09 <a href=\"http:\/\/blog.anja-wueste.de\/wp-content\/uploads\/2010\/01\/CIMG1189.jpg\"><img loading=\"lazy\" decoding=\"async\" class=\"alignright size-thumbnail wp-image-14\" title=\"St. Aegidien\" src=\"http:\/\/blog.anja-wueste.de\/wp-content\/uploads\/2010\/01\/CIMG1189-150x150.jpg\" alt=\"\" width=\"150\" height=\"150\" \/><\/a>Eigentlich wollten wir ja bei Niederegger im Kaffee einen kleinen Stop einlegen, doch es war mal wieder sowas von voll, dass wir einfach nur schnell die Marzipanausstellung ansahen und dann wieder raus gingen. Irgendwie plagte uns ein kleiner Hunger und so beschlossen wir zu San Marco zu gehen, einem Italiener, bei dem schon Gerhard Schr\u00f6der (aber da war das Restaurant noch etwas weiter die Stra\u00dfe runter) war. Nat\u00fcrlich nahmen wir Pizza &#8211; was sost \ud83d\ude42 Echt lecker! Kann ich nur weiterempfehlen! Sp\u00e4ter fuhren wir dann auch Heim und lie\u00dfen den Abend gem\u00fctlich ausklingen.<\/p>\n<p>Am n\u00e4chsten Tag hatten wir uns mit unserer WebSozi Freundin Gerda verabredet, die sowieso zusammen mit ihrer L\u00fctte in L\u00fcbeck shoppen gehen wollte. Daher bot sich die Gelegenheit, erstmal ins B\u00fcro zu gehen, dort nach dem Rechten zu sehen und auf die Beiden zu warten. Als sie dann da waren, beschlossen wir zusammen <a href=\"http:\/\/blog.anja-wueste.de\/wp-content\/uploads\/2010\/01\/CIMG1236.jpg\"><img loading=\"lazy\" decoding=\"async\" class=\"alignright size-thumbnail wp-image-15\" title=\"Meine Bertha\" src=\"http:\/\/blog.anja-wueste.de\/wp-content\/uploads\/2010\/01\/CIMG1236-150x150.jpg\" alt=\"\" width=\"150\" height=\"150\" \/><\/a>etwas Essen zu gehen und wo konnte man das in L\u00fcbeck besser, als beim Seewolf \ud83d\ude42 Also \u00fcberraschten wir Barney mal wieder mit unserer Anwesenheit. Wie immer schmeckte das Essen super lecker. Nach einem ausgiebigen Schnack, gingen wir wieder zur\u00fcck ins B\u00fcro, wo wir uns von den Beiden verabschiedeten.\u00a0 Nun hatte ich endlich mal ie Gelegenheit meine eigentliches Praktikumsprojekt, die Seite f\u00fcr <a title=\"V4G\" href=\"http:\/\/www.volunteers4germany.de\" target=\"_blank\">Volunteers4Germany<\/a> (meinem gegr\u00fcndeten Wahlkampfnetzwerk innerhalb der SPD und der Jusos), einzutrichten. Nachdem ich alles selber freigeschaltet und eingerichtet hatte, war ich zugegebener ma\u00dfen schon etwas stolz \ud83d\ude09 Nach getaner Arbeit konnte ich noch ein bisschen shoppen und holte mir direkt eine Dicke Bertha Einkaufstasche. Zu der wollte ich nat\u00fcrlich auch nochmal, wenn schon in der Stadt und nichts mehr zu tun, dann auch nochmal sch\u00f6n zu meiner &#8222;Dicken&#8220; \ud83d\ude09 Alles in allem, waren es zwei nette Tage.<\/p>\n","protected":false},"excerpt":{"rendered":"<p>Am 28. fuhren wir nach Bad Segeberg &#8211; genau das wo die Karl May Festspiele stattfinden-, um ein paar Besorgungen zu machen. Nachdem wir diese get\u00e4tigt hatten, ging es ab zum Kalkberg. Diese nette kleine Anh\u00f6he bezeichnet man bei uns in Rheinland-Pfalz als H\u00fcgel \ud83d\ude09 *weglach* Na ja trotz allem hatte man einen netten Ausblick [&hellip;]<\/p>\n","protected":false},"author":1,"featured_media":0,"comment_status":"open","ping_status":"open","sticky":false,"template":"","format":"standard","meta":{"footnotes":""},"categories":[1],"tags":[38,21,46,47],"class_list":["post-11","post","type-post","status-publish","format-standard","hentry","category-allgemein","tag-bertha","tag-seewolf","tag-st-marien","tag-websozis"],"_links":{"self":[{"href":"https:\/\/blog.anja-hagge.de\/index.php?rest_route=\/wp\/v2\/posts\/11","targetHints":{"allow":["GET"]}}],"collection":[{"href":"https:\/\/blog.anja-hagge.de\/index.php?rest_route=\/wp\/v2\/posts"}],"about":[{"href":"https:\/\/blog.anja-hagge.de\/index.php?rest_route=\/wp\/v2\/types\/post"}],"author":[{"embeddable":true,"href":"https:\/\/blog.anja-hagge.de\/index.php?rest_route=\/wp\/v2\/users\/1"}],"replies":[{"embeddable":true,"href":"https:\/\/blog.anja-hagge.de\/index.php?rest_route=%2Fwp%2Fv2%2Fcomments&post=11"}],"version-history":[{"count":4,"href":"https:\/\/blog.anja-hagge.de\/index.php?rest_route=\/wp\/v2\/posts\/11\/revisions"}],"predecessor-version":[{"id":97,"href":"https:\/\/blog.anja-hagge.de\/index.php?rest_route=\/wp\/v2\/posts\/11\/revisions\/97"}],"wp:attachment":[{"href":"https:\/\/blog.anja-hagge.de\/index.php?rest_route=%2Fwp%2Fv2%2Fmedia&parent=11"}],"wp:term":[{"taxonomy":"category","embeddable":true,"href":"https:\/\/blog.anja-hagge.de\/index.php?rest_route=%2Fwp%2Fv2%2Fcategories&post=11"},{"taxonomy":"post_tag","embeddable":true,"href":"https:\/\/blog.anja-hagge.de\/index.php?rest_route=%2Fwp%2Fv2%2Ftags&post=11"}],"curies":[{"name":"wp","href":"https:\/\/api.w.org\/{rel}","templated":true}]}}