{"id":104,"date":"2010-03-10T19:16:26","date_gmt":"2010-03-10T19:16:26","guid":{"rendered":"http:\/\/blog.anja-wueste.de\/?p=104"},"modified":"2010-05-18T09:34:22","modified_gmt":"2010-05-18T09:34:22","slug":"was-sollen-die-vielen-kurven-markus-goes-buchholz","status":"publish","type":"post","link":"https:\/\/blog.anja-hagge.de\/?p=104","title":{"rendered":"Was sollen die vielen Kurven? -Markus goes Buchholz"},"content":{"rendered":"<p>Nach 11 Tagen Markusabstinenz, hatte ich nun die Aufgabe ihm mal meine Heimat zu zeigen. Schon als er ankam, blickte er mich <a href=\"http:\/\/blog.anja-wueste.de\/wp-content\/uploads\/2010\/03\/CIMG2259.jpg\"><img loading=\"lazy\" decoding=\"async\" class=\"alignright size-thumbnail  wp-image-106\" title=\"Markus goes Neuwied\" src=\"http:\/\/blog.anja-wueste.de\/wp-content\/uploads\/2010\/03\/CIMG2259-150x150.jpg\" alt=\"\" width=\"150\" height=\"150\" \/><\/a>verst\u00f6rt an, Gertrud &#8211; sein von mir benanntes Navigationsger\u00e4t- habe ihn durch &#8222;die Hintert\u00fcr&#8220; nach Buchholz gelotst. So kam er \u00fcber K\u00f6lsch B\u00fcllesbach, also eine sehr Serpentinen reiche Strecke :D. Klar, dass die &#8222;Nordlichter&#8220; so etwas nicht gew\u00f6hnt sind.<br \/>\nAbends zeigte ich ihm schnell Buchholz, f\u00fcr mehr war keine Zeit.<\/p>\n<p>Donnerstags gings zum Fr\u00fchst\u00fcck nach Asbach ins Einkaufszentrum, dort lernte er direkt meine Tante kennen. Weiter zu Aldi S\u00fcd &#8211; er war ja noch nie in einem solchen gewesen. Nat\u00fcrlich stellte er fest, dass die Leute hier viel freundlicher waren (wir wurden direkt beim Eintreten von einem Mitarbeiter mit einem freundlichen &#8222;Guten Morgen&#8220; begr\u00fc\u00dft), zudem waren die Dienstbekleidungen der Mitarbeiter deutlich freundlicher und besser \ud83d\ude42 Tja sowas, hab ichs nicht immer gesagt.<br \/>\nAbends ging es zum Kreisausschuss meiner Kreis SPD, bei der ich als Beisitzer im Kreisvorstand eingeladen war. F\u00fcr Markus war es<a href=\"http:\/\/blog.anja-wueste.de\/wp-content\/uploads\/2010\/03\/CIMG2261.jpg\"><img loading=\"lazy\" decoding=\"async\" class=\"alignright size-thumbnail  wp-image-107\" title=\"Anja in Neuwied\" src=\"http:\/\/blog.anja-wueste.de\/wp-content\/uploads\/2010\/03\/CIMG2261-150x150.jpg\" alt=\"\" width=\"150\" height=\"150\" \/><\/a> mal ganz interessant, andere Genossen bei einer Sitzung zu zu sehen. Und er hatte sich unbewusst eine ganz besondere Sitzung ausgesucht. Unsere MdL Renate Pepper gab bekannt, dass sie nach 20 Jahren nicht mehr f\u00fcr den Landtag kandidieren w\u00fcrde. Sie wolle den j\u00fcngeren mal eine chance geben.\u00a0 Nat\u00fcrlich ging ein geschocktes Raunen durch die Reihen der Kreisausschussmitglieder, \u00fcber die R\u00fcckzugsnachricht. Die Genossen hatten auch nicht mit meinem Abschied gerechnet. Da ich ja nach L\u00fcbeck ziehen w\u00fcrde, musste ich somit meine \u00c4mter in Rheinland Pfalz abgeben. War trotz allem eine sch\u00f6ne Sitzung. Markus lernte noch meine Nachbarn kennen und meine guten Freunde Dietmar und Tanja, die ich seit dem Wahlkampf 09 wirklich ins Herz geschlossen hatte. Meine \u00c4mter in meinem Ortsverein gab ich auch zur\u00fcck und schlussendlich Samstags auf der Juso Kreiskonferenz auch noch meinen Kreisvorsitz.<\/p>\n","protected":false},"excerpt":{"rendered":"<p>Nach 11 Tagen Markusabstinenz, hatte ich nun die Aufgabe ihm mal meine Heimat zu zeigen. Schon als er ankam, blickte er mich verst\u00f6rt an, Gertrud &#8211; sein von mir benanntes Navigationsger\u00e4t- habe ihn durch &#8222;die Hintert\u00fcr&#8220; nach Buchholz gelotst. So kam er \u00fcber K\u00f6lsch B\u00fcllesbach, also eine sehr Serpentinen reiche Strecke :D. Klar, dass die [&hellip;]<\/p>\n","protected":false},"author":1,"featured_media":0,"comment_status":"open","ping_status":"open","sticky":false,"template":"","format":"standard","meta":{"footnotes":""},"categories":[1,31],"tags":[52,51,301],"class_list":["post-104","post","type-post","status-publish","format-standard","hentry","category-allgemein","category-spd","tag-buchholz","tag-kreis-neuwied","tag-spd"],"_links":{"self":[{"href":"https:\/\/blog.anja-hagge.de\/index.php?rest_route=\/wp\/v2\/posts\/104","targetHints":{"allow":["GET"]}}],"collection":[{"href":"https:\/\/blog.anja-hagge.de\/index.php?rest_route=\/wp\/v2\/posts"}],"about":[{"href":"https:\/\/blog.anja-hagge.de\/index.php?rest_route=\/wp\/v2\/types\/post"}],"author":[{"embeddable":true,"href":"https:\/\/blog.anja-hagge.de\/index.php?rest_route=\/wp\/v2\/users\/1"}],"replies":[{"embeddable":true,"href":"https:\/\/blog.anja-hagge.de\/index.php?rest_route=%2Fwp%2Fv2%2Fcomments&post=104"}],"version-history":[{"count":3,"href":"https:\/\/blog.anja-hagge.de\/index.php?rest_route=\/wp\/v2\/posts\/104\/revisions"}],"predecessor-version":[{"id":172,"href":"https:\/\/blog.anja-hagge.de\/index.php?rest_route=\/wp\/v2\/posts\/104\/revisions\/172"}],"wp:attachment":[{"href":"https:\/\/blog.anja-hagge.de\/index.php?rest_route=%2Fwp%2Fv2%2Fmedia&parent=104"}],"wp:term":[{"taxonomy":"category","embeddable":true,"href":"https:\/\/blog.anja-hagge.de\/index.php?rest_route=%2Fwp%2Fv2%2Fcategories&post=104"},{"taxonomy":"post_tag","embeddable":true,"href":"https:\/\/blog.anja-hagge.de\/index.php?rest_route=%2Fwp%2Fv2%2Ftags&post=104"}],"curies":[{"name":"wp","href":"https:\/\/api.w.org\/{rel}","templated":true}]}}